{"id":3131,"date":"2020-11-30T19:39:03","date_gmt":"2020-11-30T19:39:03","guid":{"rendered":"https:\/\/www.graphn.com.br\/amaralefazla\/trabalhador-que-pediu-demissao-tem-direito-a-participacao-nos-lucros\/"},"modified":"2020-11-30T19:39:03","modified_gmt":"2020-11-30T19:39:03","slug":"trabalhador-que-pediu-demissao-tem-direito-a-participacao-nos-lucros","status":"publish","type":"post","link":"https:\/\/www.amaralfazla.com.br\/site\/trabalhador-que-pediu-demissao-tem-direito-a-participacao-nos-lucros\/","title":{"rendered":"Trabalhador que pediu demiss\u00e3o tem direito \u00e0 participa\u00e7\u00e3o nos lucros?"},"content":{"rendered":"<p style=\"text-align: justify;\">Dois empregados haviam pedido demiss\u00e3o, e seus pedidos de recebimento da participa\u00e7\u00e3o nos lucros\u00a0foram rejeitados\u00a0pelos Tribunais Regionais do Trabalho da 1\u00aa Regi\u00e3o (RJ) e da 2\u00aa Regi\u00e3o (SP). O fundamento foi\u00a0a norma coletiva\u00a0da categoria, que\u00a0exclu\u00eda\u00a0os demission\u00e1rios do direito \u00e0 parcela.<\/p>\n<p style=\"text-align: justify;\"><strong>Recurso no TST<\/strong><\/p>\n<p style=\"text-align: justify;\">O relator dos recursos, ministro Alexandre Ramos, assinalou que\u00a0o pagamento da PLR n\u00e3o \u00e9 condicionado \u00e0 vig\u00eancia do contrato\u00a0de trabalho, mas ao fato de\u00a0o empregado ter contribu\u00eddo para os resultados da empresa.<\/p>\n<p style=\"text-align: justify;\">Segundo o ministro, o entendimento do TST (<a href=\"http:\/\/www3.tst.jus.br\/jurisprudencia\/Sumulas_com_indice\/Sumulas_Ind_451_600.html#SUM-451\" target=\"_blank\" rel=\"nofollow noopener noreferrer\">S\u00famula 451<\/a>) \u00e9 de que a exclus\u00e3o do direito ao pagamento da parcela com rela\u00e7\u00e3o ao empregado que pediu demiss\u00e3o redunda\u00a0em ofensa ao princ\u00edpio da isonomia,\u00a0tendo em vista que\u00a0mesmo o empregado que teve a iniciativa de romper o contrato contribuiu para os resultados\u00a0positivos da empresa.<\/p>\n<p style=\"text-align: justify;\">Ainda de acordo com o relator, apesar de a\u00a0<a class=\"cite\" title=\"CONSTITUI\u00c7\u00c3O DA REP\u00daBLICA FEDERATIVA DO BRASIL DE 1988\" href=\"https:\/\/www.jusbrasil.com.br\/legislacao\/155571402\/constitui%C3%A7%C3%A3o-federal-constitui%C3%A7%C3%A3o-da-republica-federativa-do-brasil-1988\" rel=\"302754\">Constitui\u00e7\u00e3o<\/a>\u00a0da Rep\u00fablica (artigo 7\u00ba, inciso XXVI) legitimar a realiza\u00e7\u00e3o de acordos e conven\u00e7\u00f5es coletivas, n\u00e3o h\u00e1 nenhuma autoriza\u00e7\u00e3o para que tais instrumentos normativos sejam utilizados como meio de supress\u00e3o de direitos legalmente constitu\u00eddos.<\/p>\n<p style=\"text-align: justify;\">\u201cDeve-se\u00a0harmonizar o princ\u00edpio da autonomia da vontade, previsto no artigo,\u00a0com o da reserva legal, sob pena de se permitir que negocia\u00e7\u00f5es coletivas derroguem preceitos de lei\u201d, concluiu.<\/p>\n<p style=\"text-align: justify;\">(MC, RR\/CF)<\/p>\n<p style=\"text-align: justify;\">Processos:\u00a0<a class=\"entity-cite\" href=\"https:\/\/tst.jusbrasil.com.br\/jurisprudencia\/929034383\/recurso-de-revista-rr-103385520155010066\" rel=\"JURISPRUDENCIA_929034383\">RR-10338-55.2015.5.01.0066<\/a>\u00a0e\u00a0<a class=\"entity-cite\" href=\"https:\/\/trt-2.jusbrasil.com.br\/jurisprudencia\/713083618\/10015603620175020081-sp\" rel=\"JURISPRUDENCIA_713083618,JURISPRUDENCIA_1133027714,TOPICOS_199686131\">RR-1001560-36.2017.5.02.0081<\/a><\/p>\n<p>Fonte: Jusbrasil (https:\/\/fernandomagalhaescosta.jusbrasil.com.br\/noticias\/1133586730\/trabalhador-que-pediu-demissao-tem-direito-a-participacao-nos-lucros)<\/p>\n","protected":false},"excerpt":{"rendered":"<p>Dois empregados haviam pedido demiss\u00e3o, e seus pedidos de recebimento da participa\u00e7\u00e3o nos lucros\u00a0foram rejeitados\u00a0pelos Tribunais Regionais do Trabalho da 1\u00aa Regi\u00e3o (RJ) e da 2\u00aa Regi\u00e3o (SP). O fundamento foi\u00a0a norma coletiva\u00a0da categoria, que\u00a0exclu\u00eda\u00a0os demission\u00e1rios do direito \u00e0 parcela. Recurso no TST O relator dos recursos, ministro Alexandre Ramos, assinalou que\u00a0o pagamento da PLR [&hellip;]<\/p>\n","protected":false},"author":1,"featured_media":0,"comment_status":"open","ping_status":"open","sticky":false,"template":"","format":"standard","meta":{"_joinchat":[],"footnotes":""},"categories":[7],"tags":[],"class_list":["post-3131","post","type-post","status-publish","format-standard","hentry","category-noticias"],"_links":{"self":[{"href":"https:\/\/www.amaralfazla.com.br\/site\/wp-json\/wp\/v2\/posts\/3131","targetHints":{"allow":["GET"]}}],"collection":[{"href":"https:\/\/www.amaralfazla.com.br\/site\/wp-json\/wp\/v2\/posts"}],"about":[{"href":"https:\/\/www.amaralfazla.com.br\/site\/wp-json\/wp\/v2\/types\/post"}],"author":[{"embeddable":true,"href":"https:\/\/www.amaralfazla.com.br\/site\/wp-json\/wp\/v2\/users\/1"}],"replies":[{"embeddable":true,"href":"https:\/\/www.amaralfazla.com.br\/site\/wp-json\/wp\/v2\/comments?post=3131"}],"version-history":[{"count":0,"href":"https:\/\/www.amaralfazla.com.br\/site\/wp-json\/wp\/v2\/posts\/3131\/revisions"}],"wp:attachment":[{"href":"https:\/\/www.amaralfazla.com.br\/site\/wp-json\/wp\/v2\/media?parent=3131"}],"wp:term":[{"taxonomy":"category","embeddable":true,"href":"https:\/\/www.amaralfazla.com.br\/site\/wp-json\/wp\/v2\/categories?post=3131"},{"taxonomy":"post_tag","embeddable":true,"href":"https:\/\/www.amaralfazla.com.br\/site\/wp-json\/wp\/v2\/tags?post=3131"}],"curies":[{"name":"wp","href":"https:\/\/api.w.org\/{rel}","templated":true}]}}