{"id":3124,"date":"2020-11-17T18:21:53","date_gmt":"2020-11-17T18:21:53","guid":{"rendered":"https:\/\/www.graphn.com.br\/amaralefazla\/tj-sp-anula-penhora-de-imovel-de-fiador-em-contrato-de-locacao-comercial\/"},"modified":"2020-11-17T18:21:53","modified_gmt":"2020-11-17T18:21:53","slug":"tj-sp-anula-penhora-de-imovel-de-fiador-em-contrato-de-locacao-comercial","status":"publish","type":"post","link":"https:\/\/www.amaralfazla.com.br\/site\/tj-sp-anula-penhora-de-imovel-de-fiador-em-contrato-de-locacao-comercial\/","title":{"rendered":"TJ-SP anula penhora de im\u00f3vel de fiador em contrato de loca\u00e7\u00e3o comercial"},"content":{"rendered":"<p style=\"text-align: justify;\">Com base em tese do Supremo Tribunal Federal (STF), a 27\u00aa C\u00e2mara de Direito Privado do Tribunal de Justi\u00e7a de S\u00e3o Paulo\u00a0 determinou a impenhorabilidade do im\u00f3vel de um fiador em contrato de loca\u00e7\u00e3o comercial.<\/p>\n<p><img fetchpriority=\"high\" decoding=\"async\" class=\"size-medium wp-image-1868 alignleft\" src=\"https:\/\/www.graphn.com.br\/amaralefazla\/wp-content\/uploads\/2023\/08\/0NQuvCJ42peCWs_Tg0CenqoEPXVRU1jBw4DW8sOA1vI-scaled.jpg\" alt=\"\" width=\"300\" height=\"200\" \/><\/p>\n<p style=\"text-align: justify;\">O fiador, um advogado de Bauru (SP), tornou-se codevedor ap\u00f3s a decis\u00e3o da primeira inst\u00e2ncia, favor\u00e1vel a uma a\u00e7\u00e3o de despejo por falta de pagamento. Assim, foi definida a penhora do seu im\u00f3vel. Ele recorreu.<\/p>\n<p style=\"text-align: justify;\">Segundo o artigo 3\u00ba da\u00a0<b><a href=\"http:\/\/www.planalto.gov.br\/CCivil_03\/leis\/L8009.htm\" target=\"_blank\" rel=\"noopener noreferrer\">Lei n\u00ba 8.009\/90<\/a><\/b>, o im\u00f3vel do fiador em contrato de loca\u00e7\u00e3o pode ser penhorado, mesmo que seja bem de fam\u00edlia. Mas a relatora, desembargadora Rosangela Telles, destacou que esse entendimento \u00e9 v\u00e1lido apenas para a loca\u00e7\u00e3o residencial.<\/p>\n<p style=\"text-align: justify;\">A magistrada se baseou em julgamento de recurso extraordin\u00e1rio no STF, que definiu que essa tese n\u00e3o se aplica a bem de fam\u00edlia por fian\u00e7a em casos de contrato de loca\u00e7\u00e3o de im\u00f3vel comercial. Seu voto foi acompanhado por unanimidade..<\/p>\n<p style=\"text-align: justify;\"><b>Clique\u00a0<a href=\"https:\/\/www.conjur.com.br\/dl\/tj-sp-anula-penhora-imovel-fiador.pdf\" target=\"_blank\" rel=\"noopener noreferrer\">aqui<\/a>\u00a0para ler a decis\u00e3o<br \/>\n2222923-07.2020.8.26.0000<\/b><\/p>\n<p style=\"text-align: justify;\">Fonte: Direito News (https:\/\/www.direitonews.com.br\/2020\/11\/tj-anula-penhora-imovel-fiador-contrato.html)<\/p>\n","protected":false},"excerpt":{"rendered":"<p>Com base em tese do Supremo Tribunal Federal (STF), a 27\u00aa C\u00e2mara de Direito Privado do Tribunal de Justi\u00e7a de S\u00e3o Paulo\u00a0 determinou a impenhorabilidade do im\u00f3vel de um fiador em contrato de loca\u00e7\u00e3o comercial. O fiador, um advogado de Bauru (SP), tornou-se codevedor ap\u00f3s a decis\u00e3o da primeira inst\u00e2ncia, favor\u00e1vel a uma a\u00e7\u00e3o de [&hellip;]<\/p>\n","protected":false},"author":1,"featured_media":3126,"comment_status":"open","ping_status":"open","sticky":false,"template":"","format":"standard","meta":{"_joinchat":[],"footnotes":""},"categories":[7],"tags":[],"class_list":["post-3124","post","type-post","status-publish","format-standard","has-post-thumbnail","hentry","category-noticias"],"_links":{"self":[{"href":"https:\/\/www.amaralfazla.com.br\/site\/wp-json\/wp\/v2\/posts\/3124","targetHints":{"allow":["GET"]}}],"collection":[{"href":"https:\/\/www.amaralfazla.com.br\/site\/wp-json\/wp\/v2\/posts"}],"about":[{"href":"https:\/\/www.amaralfazla.com.br\/site\/wp-json\/wp\/v2\/types\/post"}],"author":[{"embeddable":true,"href":"https:\/\/www.amaralfazla.com.br\/site\/wp-json\/wp\/v2\/users\/1"}],"replies":[{"embeddable":true,"href":"https:\/\/www.amaralfazla.com.br\/site\/wp-json\/wp\/v2\/comments?post=3124"}],"version-history":[{"count":0,"href":"https:\/\/www.amaralfazla.com.br\/site\/wp-json\/wp\/v2\/posts\/3124\/revisions"}],"wp:featuredmedia":[{"embeddable":true,"href":"https:\/\/www.amaralfazla.com.br\/site\/wp-json\/wp\/v2\/media\/3126"}],"wp:attachment":[{"href":"https:\/\/www.amaralfazla.com.br\/site\/wp-json\/wp\/v2\/media?parent=3124"}],"wp:term":[{"taxonomy":"category","embeddable":true,"href":"https:\/\/www.amaralfazla.com.br\/site\/wp-json\/wp\/v2\/categories?post=3124"},{"taxonomy":"post_tag","embeddable":true,"href":"https:\/\/www.amaralfazla.com.br\/site\/wp-json\/wp\/v2\/tags?post=3124"}],"curies":[{"name":"wp","href":"https:\/\/api.w.org\/{rel}","templated":true}]}}