{"id":3122,"date":"2020-11-12T18:38:00","date_gmt":"2020-11-12T18:38:00","guid":{"rendered":"https:\/\/www.graphn.com.br\/amaralefazla\/apologia-a-armas-de-fogo-em-redes-sociais-podera-ser-punida-com-detencao-e-multa\/"},"modified":"2020-11-12T18:38:00","modified_gmt":"2020-11-12T18:38:00","slug":"apologia-a-armas-de-fogo-em-redes-sociais-podera-ser-punida-com-detencao-e-multa","status":"publish","type":"post","link":"https:\/\/www.amaralfazla.com.br\/site\/apologia-a-armas-de-fogo-em-redes-sociais-podera-ser-punida-com-detencao-e-multa\/","title":{"rendered":"Apologia a armas de fogo em redes sociais poder\u00e1 ser punida com deten\u00e7\u00e3o e multa"},"content":{"rendered":"<p style=\"text-align: justify;\">O Projeto de Lei 2421\/20 pune, com deten\u00e7\u00e3o de 1 a 3 anos e multa, a exibi\u00e7\u00e3o ostensiva de armas de fogo nas redes sociais, ou a demonstra\u00e7\u00e3o de t\u00e9cnicas de uso e treinamento, por pessoas alheias \u00e0 ind\u00fastria de armamento, ao com\u00e9rcio e aos cursos de tiro autorizados.<\/p>\n<p style=\"text-align: justify;\">A proposta, que tramita na C\u00e2mara dos Deputados, \u00e9 de autoria do deputado Alencar Santana Braga (PT-SP). O texto acrescenta a puni\u00e7\u00e3o no\u00a0<a href=\"https:\/\/www.blogger.com\/u\/3\/#\">Estatuto do Desarmamento<\/a>.<\/p>\n<p style=\"text-align: justify;\">Braga afirma que o objetivo \u00e9 coibir a apologia \u00e0s armas nas redes sociais por pessoas que n\u00e3o est\u00e3o ligadas ao mercado de armamentos.<\/p>\n<div class=\"google-auto-placed ap_container\" style=\"text-align: justify;\">\n<p>\u201cEsse tipo de conduta irrespons\u00e1vel pode levar a popula\u00e7\u00e3o a concluir que a forma de solu\u00e7\u00e3o de conflitos em sociedade deva se dar exatamente com o uso desses objetos letais, algo que sem d\u00favida alguma causar\u00e1 um sens\u00edvel aumento dos alarmantes \u00edndices de viol\u00eancia no Pa\u00eds\u201d, disse.<\/p>\n<p><strong>Tramita\u00e7\u00e3o<\/strong><\/p>\n<p>O projeto ser\u00e1 analisado pelas comiss\u00f5es de Seguran\u00e7a P\u00fablica e Combate ao Crime Organizado; e de Constitui\u00e7\u00e3o e Justi\u00e7a e de Cidadania. Depois, seguir\u00e1 para o Plen\u00e1rio.<\/p><\/div>\n<div style=\"text-align: justify;\"><\/div>\n<div style=\"text-align: justify;\">Fonte: Direito News (https:\/\/www.direitonews.com.br\/2020\/11\/apologia-armas-redes-sociais-detencao-multa.html)<\/div>\n","protected":false},"excerpt":{"rendered":"<p>O Projeto de Lei 2421\/20 pune, com deten\u00e7\u00e3o de 1 a 3 anos e multa, a exibi\u00e7\u00e3o ostensiva de armas de fogo nas redes sociais, ou a demonstra\u00e7\u00e3o de t\u00e9cnicas de uso e treinamento, por pessoas alheias \u00e0 ind\u00fastria de armamento, ao com\u00e9rcio e aos cursos de tiro autorizados. A proposta, que tramita na C\u00e2mara [&hellip;]<\/p>\n","protected":false},"author":1,"featured_media":0,"comment_status":"open","ping_status":"open","sticky":false,"template":"","format":"standard","meta":{"_joinchat":[],"footnotes":""},"categories":[7],"tags":[],"class_list":["post-3122","post","type-post","status-publish","format-standard","hentry","category-noticias"],"_links":{"self":[{"href":"https:\/\/www.amaralfazla.com.br\/site\/wp-json\/wp\/v2\/posts\/3122","targetHints":{"allow":["GET"]}}],"collection":[{"href":"https:\/\/www.amaralfazla.com.br\/site\/wp-json\/wp\/v2\/posts"}],"about":[{"href":"https:\/\/www.amaralfazla.com.br\/site\/wp-json\/wp\/v2\/types\/post"}],"author":[{"embeddable":true,"href":"https:\/\/www.amaralfazla.com.br\/site\/wp-json\/wp\/v2\/users\/1"}],"replies":[{"embeddable":true,"href":"https:\/\/www.amaralfazla.com.br\/site\/wp-json\/wp\/v2\/comments?post=3122"}],"version-history":[{"count":0,"href":"https:\/\/www.amaralfazla.com.br\/site\/wp-json\/wp\/v2\/posts\/3122\/revisions"}],"wp:attachment":[{"href":"https:\/\/www.amaralfazla.com.br\/site\/wp-json\/wp\/v2\/media?parent=3122"}],"wp:term":[{"taxonomy":"category","embeddable":true,"href":"https:\/\/www.amaralfazla.com.br\/site\/wp-json\/wp\/v2\/categories?post=3122"},{"taxonomy":"post_tag","embeddable":true,"href":"https:\/\/www.amaralfazla.com.br\/site\/wp-json\/wp\/v2\/tags?post=3122"}],"curies":[{"name":"wp","href":"https:\/\/api.w.org\/{rel}","templated":true}]}}