{"id":3105,"date":"2020-10-21T19:21:29","date_gmt":"2020-10-21T19:21:29","guid":{"rendered":"https:\/\/www.graphn.com.br\/amaralefazla\/mera-alegacao-de-dificuldade-financeira-nao-basta-para-revisao-contratual\/"},"modified":"2020-10-21T19:21:29","modified_gmt":"2020-10-21T19:21:29","slug":"mera-alegacao-de-dificuldade-financeira-nao-basta-para-revisao-contratual","status":"publish","type":"post","link":"https:\/\/www.amaralfazla.com.br\/site\/mera-alegacao-de-dificuldade-financeira-nao-basta-para-revisao-contratual\/","title":{"rendered":"Mera alega\u00e7\u00e3o de dificuldade financeira n\u00e3o basta para revis\u00e3o contratual"},"content":{"rendered":"<p style=\"text-align: justify;\">Locat\u00e1rio que rescindiu contrato de loca\u00e7\u00e3o comercial antecipadamente em raz\u00e3o da pandemia n\u00e3o consegue suspens\u00e3o do pagamento de multa e encargos proporcionais. A decis\u00e3o \u00e9 do juiz de Direito Mauricio Tini Garcia, da 2\u00aa vara C\u00edvel de S\u00e3o Bernardo do Campo\/SP. Para o magistrado, a simples alega\u00e7\u00e3o de dificuldade financeira n\u00e3o \u00e9 suficiente para a revis\u00e3o contratual.<\/p>\n<p style=\"text-align: justify;\">As partes celebraram contrato de loca\u00e7\u00e3o comercial, que foi rescindido sob o argumento de dificuldades financeiras decorrentes da pandemia de covid-19.<\/p>\n<p style=\"text-align: justify;\">O locat\u00e1rio, autor da a\u00e7\u00e3o, afirmou que lhe foi cobrado multa por rescis\u00e3o e parcelas de aluguel e encargos. Em defesa, o locador sustentou que n\u00e3o h\u00e1 prova de queda de faturamento.<\/p>\n<p style=\"text-align: justify;\">Para o juiz, a pretens\u00e3o do autor \u00e9 improcedente.<\/p>\n<p style=\"text-align: justify;\"><em>&#8220;A revis\u00e3o contratual voltada \u00e0 busca do equil\u00edbrio entre os sinalagmas demanda prova de que uma das partes efetivamente tornou-se incapaz de adimplir suas obriga\u00e7\u00f5es em raz\u00e3o de motivos de for\u00e7a maior.&#8221;<\/em><\/p>\n<p style=\"text-align: justify;\">Segundo o magistrado, a pandemia \u00e9 um exemplo por excel\u00eancia de evento imprevis\u00edvel.\u00a0<em>&#8220;Todavia, n\u00e3o h\u00e1 elementos a comprovar que deste evento imprevis\u00edvel resultou, de fato, incapacidade para plena execu\u00e7\u00e3o contratual&#8221;.<\/em><\/p>\n<p style=\"text-align: justify;\">Sendo assim, julgou o pedido improcedente para declarar a exibiligilidade dos valores referentes \u00e0 cl\u00e1usula penal e a aluguel proporcional, visto que n\u00e3o houve comprova\u00e7\u00e3o de pen\u00faria financeira decorrente de for\u00e7a maior a impedir o cumprimento do aven\u00e7ado entre as partes.<\/p>\n<ul style=\"text-align: justify;\">\n<li>Processo:\u00a0<a href=\"https:\/\/esaj.tjsp.jus.br\/cpopg\/show.do;jsessionid=DEE5D00FFA70E68534F996CA597B8785.cpopg6?conversationId=&amp;dadosConsulta.localPesquisa.cdLocal=564&amp;cbPesquisa=NUMPROC&amp;dadosConsulta.tipoNuProcesso=UNIFICADO&amp;numeroDigitoAnoUnificado=1013018-33.2020&amp;foroNumeroUnificado=0564&amp;dadosConsulta.valorConsultaNuUnificado=10130183320208260564&amp;dadosConsulta.valorConsulta=&amp;uuidCaptcha=sajcaptcha_a0cc270248ce4ff5a639a160ce36a2cf&amp;g-recaptcha-response=03AGdBq25AXp6XBDmAIlxWl0T--1UdfwTUXlYG4MCRgCsduUCF8Qzxe0E5tm7z53NsBLmgokPNrIZ4IhRenZ93PgisEnMWVgQqc2tKgKoHBemOWCEGuuh7CVLKhcrXZJQg8p1q0DNhmZw4OvmB8ZRZ64-tMx1WdGxXMDa7fMTo7u5v5TF7Txb0dvuyvzmx7dnMx79kjx_1mIUulBW-R6s7UrLM1Q8eNx6mieUdIbIWOdA2lXCZB9uE32c35iMTlI4_HKpEvhjw1ASveSnRThMUQfAZS0RUk7nMmm3gBEWuMYn3IQQu_BuaFwR4-ekJgPvP8T3aALo6ZZrAodeMFKv7vPesRo86nNiVPtxgfnjwBwMLXHIGXeSX5AbRFL_DUXsKOaR1PooSuSkOtjwYlUI5ij5WP9CWKJxSr1GLlEUc8eZH9FMxEmZubodwMhxjrXlqy3jUaUd4C4xP&amp;processo.codigo=FO000E96T0000\" target=\"_blank\" rel=\"noopener noreferrer\">1013018-33.2020.8.26.0564<\/a><\/li>\n<\/ul>\n<p style=\"text-align: justify;\">Leia a\u00a0<a href=\"https:\/\/www.migalhas.uol.com.br\/arquivos\/2020\/10\/CE0F78D655D9CC_decisaorevisaocontratual.pdf\" target=\"_blank\" rel=\"noopener noreferrer\">decis\u00e3o<\/a>.<\/p>\n<p style=\"text-align: justify;\">Fonte: Migalhas (https:\/\/migalhas.uol.com.br\/quentes\/335260\/mera-alegacao-de-dificuldade-financeira-nao-basta-para-revisao-contratual)<\/p>\n","protected":false},"excerpt":{"rendered":"<p>Locat\u00e1rio que rescindiu contrato de loca\u00e7\u00e3o comercial antecipadamente em raz\u00e3o da pandemia n\u00e3o consegue suspens\u00e3o do pagamento de multa e encargos proporcionais. A decis\u00e3o \u00e9 do juiz de Direito Mauricio Tini Garcia, da 2\u00aa vara C\u00edvel de S\u00e3o Bernardo do Campo\/SP. Para o magistrado, a simples alega\u00e7\u00e3o de dificuldade financeira n\u00e3o \u00e9 suficiente para a [&hellip;]<\/p>\n","protected":false},"author":1,"featured_media":0,"comment_status":"open","ping_status":"open","sticky":false,"template":"","format":"standard","meta":{"_joinchat":[],"footnotes":""},"categories":[7],"tags":[],"class_list":["post-3105","post","type-post","status-publish","format-standard","hentry","category-noticias"],"_links":{"self":[{"href":"https:\/\/www.amaralfazla.com.br\/site\/wp-json\/wp\/v2\/posts\/3105","targetHints":{"allow":["GET"]}}],"collection":[{"href":"https:\/\/www.amaralfazla.com.br\/site\/wp-json\/wp\/v2\/posts"}],"about":[{"href":"https:\/\/www.amaralfazla.com.br\/site\/wp-json\/wp\/v2\/types\/post"}],"author":[{"embeddable":true,"href":"https:\/\/www.amaralfazla.com.br\/site\/wp-json\/wp\/v2\/users\/1"}],"replies":[{"embeddable":true,"href":"https:\/\/www.amaralfazla.com.br\/site\/wp-json\/wp\/v2\/comments?post=3105"}],"version-history":[{"count":0,"href":"https:\/\/www.amaralfazla.com.br\/site\/wp-json\/wp\/v2\/posts\/3105\/revisions"}],"wp:attachment":[{"href":"https:\/\/www.amaralfazla.com.br\/site\/wp-json\/wp\/v2\/media?parent=3105"}],"wp:term":[{"taxonomy":"category","embeddable":true,"href":"https:\/\/www.amaralfazla.com.br\/site\/wp-json\/wp\/v2\/categories?post=3105"},{"taxonomy":"post_tag","embeddable":true,"href":"https:\/\/www.amaralfazla.com.br\/site\/wp-json\/wp\/v2\/tags?post=3105"}],"curies":[{"name":"wp","href":"https:\/\/api.w.org\/{rel}","templated":true}]}}