{"id":3089,"date":"2020-10-07T18:12:11","date_gmt":"2020-10-07T18:12:11","guid":{"rendered":"https:\/\/www.graphn.com.br\/amaralefazla\/agencia-de-viagens-em-shopping-consegue-isencao-do-aluguel-ate-dezembro\/"},"modified":"2020-10-07T18:12:11","modified_gmt":"2020-10-07T18:12:11","slug":"agencia-de-viagens-em-shopping-consegue-isencao-do-aluguel-ate-dezembro","status":"publish","type":"post","link":"https:\/\/www.amaralfazla.com.br\/site\/agencia-de-viagens-em-shopping-consegue-isencao-do-aluguel-ate-dezembro\/","title":{"rendered":"Ag\u00eancia de viagens em shopping consegue isen\u00e7\u00e3o do aluguel at\u00e9 dezembro"},"content":{"rendered":"<p style=\"text-align: justify;\">Em Sergipe, uma ag\u00eancia de viagens localizada dentro de um shopping ficar\u00e1 isenta de pagar o aluguel at\u00e9 dezembro, em raz\u00e3o da pandemia do novo coronav\u00edrus. A determina\u00e7\u00e3o, em car\u00e1ter liminar, \u00e9 do juiz de Direito Gilson Guedes Cavalcanti Neto, da 15\u00aa vara C\u00edvel de Aracaju.<\/p>\n<p><img fetchpriority=\"high\" decoding=\"async\" class=\"size-medium wp-image-1822 alignleft\" src=\"https:\/\/www.graphn.com.br\/amaralefazla\/wp-content\/uploads\/2023\/08\/Agencia-de-viagens-em-shopping-consegue-isencao-do-aluguel-ate-dezembro-300x300.png\" alt=\"\" width=\"300\" height=\"300\" \/><\/p>\n<p style=\"text-align: justify;\">Na a\u00e7\u00e3o, a ag\u00eancia alegou que, diante da pandemia decorrente da covid-19, est\u00e1 impossibilitada de manter seu hist\u00f3rico de adimpl\u00eancia. Ressaltou que sofreu uma queda brusca no faturamento, impedindo, inclusive, o comprometimento em honrar com o pagamento dos colaboradores.<\/p>\n<p style=\"text-align: justify;\">Ao analisar o caso, o juiz considerou evidente que a empresa, por n\u00e3o estar exercendo sua atividade habitual, n\u00e3o ter\u00e1 como arcar com os valores do contrato.<\/p>\n<p style=\"text-align: justify;\"><em>&#8220;N\u00e3o se ignora que os efeitos da pandemia est\u00e3o sendo suportados por v\u00e1rios segmentos da economia, dentre os quais se encontra a parte Requerida, cuja receita tamb\u00e9m foi impactada. Por\u00e9m, esta, al\u00e9m de um porte econ\u00f4mico bem maior que o Autor, possui uma diversifica\u00e7\u00e3o natural de seu neg\u00f3cio, o que lhe d\u00e1 melhor condi\u00e7\u00f5es de passar por tal situa\u00e7\u00e3o financeira.&#8221;<\/em><\/p>\n<p style=\"text-align: justify;\">Para o magistrado, faz-se necess\u00e1ria a flexibiliza\u00e7\u00e3o do contrato, com fins de tornar poss\u00edvel a manuten\u00e7\u00e3o do funcionamento da empresa, e minimizar os danos que podem vir a ser causados.<\/p>\n<p style=\"text-align: justify;\">Sendo assim, determinou, em tutela de urg\u00eancia, que o shopping se abstenha de inscrever a ag\u00eancia de viagens e fiadores nos \u00f3rg\u00e3os de prote\u00e7\u00e3o ao cr\u00e9dito, de d\u00e9bitos referentes a compet\u00eancia do m\u00eas de mar\u00e7o a dezembro; bem como a isen\u00e7\u00e3o dos alugu\u00e9is durante esse mesmo per\u00edodo; a cobran\u00e7a proporcional do condom\u00ednio pelos dias de fechamento; e a suspens\u00e3o da exigibilidade da taxa de FPP &#8211; Fundo de Promo\u00e7\u00f5es e Propaganda, at\u00e9 perdurarem os efeitos da pandemia.<\/p>\n<ul style=\"text-align: justify;\">\n<li>Processo:\u00a00028953-03.2020.8.25.0001<\/li>\n<\/ul>\n<p style=\"text-align: justify;\">Leia a\u00a0<a href=\"https:\/\/www.migalhas.uol.com.br\/arquivos\/2020\/10\/B5583DACFAE665_agenciadeviagensisencaoaluguel.pdf\" target=\"_blank\" rel=\"noopener noreferrer\">decis\u00e3o<\/a>.<\/p>\n<p style=\"text-align: justify;\">Fonte: Migalhas (https:\/\/migalhas.uol.com.br\/quentes\/334571\/agencia-de-viagens-em-shopping-consegue-isencao-do-aluguel-ate-dezembro)<\/p>\n","protected":false},"excerpt":{"rendered":"<p>Em Sergipe, uma ag\u00eancia de viagens localizada dentro de um shopping ficar\u00e1 isenta de pagar o aluguel at\u00e9 dezembro, em raz\u00e3o da pandemia do novo coronav\u00edrus. A determina\u00e7\u00e3o, em car\u00e1ter liminar, \u00e9 do juiz de Direito Gilson Guedes Cavalcanti Neto, da 15\u00aa vara C\u00edvel de Aracaju. Na a\u00e7\u00e3o, a ag\u00eancia alegou que, diante da pandemia [&hellip;]<\/p>\n","protected":false},"author":1,"featured_media":3091,"comment_status":"open","ping_status":"open","sticky":false,"template":"","format":"standard","meta":{"_joinchat":[],"footnotes":""},"categories":[7],"tags":[],"class_list":["post-3089","post","type-post","status-publish","format-standard","has-post-thumbnail","hentry","category-noticias"],"_links":{"self":[{"href":"https:\/\/www.amaralfazla.com.br\/site\/wp-json\/wp\/v2\/posts\/3089","targetHints":{"allow":["GET"]}}],"collection":[{"href":"https:\/\/www.amaralfazla.com.br\/site\/wp-json\/wp\/v2\/posts"}],"about":[{"href":"https:\/\/www.amaralfazla.com.br\/site\/wp-json\/wp\/v2\/types\/post"}],"author":[{"embeddable":true,"href":"https:\/\/www.amaralfazla.com.br\/site\/wp-json\/wp\/v2\/users\/1"}],"replies":[{"embeddable":true,"href":"https:\/\/www.amaralfazla.com.br\/site\/wp-json\/wp\/v2\/comments?post=3089"}],"version-history":[{"count":0,"href":"https:\/\/www.amaralfazla.com.br\/site\/wp-json\/wp\/v2\/posts\/3089\/revisions"}],"wp:featuredmedia":[{"embeddable":true,"href":"https:\/\/www.amaralfazla.com.br\/site\/wp-json\/wp\/v2\/media\/3091"}],"wp:attachment":[{"href":"https:\/\/www.amaralfazla.com.br\/site\/wp-json\/wp\/v2\/media?parent=3089"}],"wp:term":[{"taxonomy":"category","embeddable":true,"href":"https:\/\/www.amaralfazla.com.br\/site\/wp-json\/wp\/v2\/categories?post=3089"},{"taxonomy":"post_tag","embeddable":true,"href":"https:\/\/www.amaralfazla.com.br\/site\/wp-json\/wp\/v2\/tags?post=3089"}],"curies":[{"name":"wp","href":"https:\/\/api.w.org\/{rel}","templated":true}]}}