{"id":3083,"date":"2020-09-30T19:11:27","date_gmt":"2020-09-30T19:11:27","guid":{"rendered":"https:\/\/www.graphn.com.br\/amaralefazla\/para-promover-a-inclusao-de-pessoas-com-deficiencia-stj-lanca-o-projeto-empatia\/"},"modified":"2020-09-30T19:11:27","modified_gmt":"2020-09-30T19:11:27","slug":"para-promover-a-inclusao-de-pessoas-com-deficiencia-stj-lanca-o-projeto-empatia","status":"publish","type":"post","link":"https:\/\/www.amaralfazla.com.br\/site\/para-promover-a-inclusao-de-pessoas-com-deficiencia-stj-lanca-o-projeto-empatia\/","title":{"rendered":"Para promover a inclus\u00e3o de pessoas com defici\u00eancia, STJ lan\u00e7a o Projeto Empatia"},"content":{"rendered":"<p style=\"text-align: justify;\">O presidente do Superior Tribunal de Justi\u00e7a, ministro Humberto Martins, lan\u00e7a nesta quarta-feira (30\/9), \u00e0s 17h, o\u00a0<em>Projeto Empatia<\/em>, iniciativa para incorporar \u00e0 cultura organizacional do STJ\u00a0a perspectiva da empatia, de forma a melhorar as\u00a0rela\u00e7\u00f5es de trabalho e promover a\u00a0inclus\u00e3o de pessoas com defici\u00eancia ou com mobilidade reduzida.<\/p>\n<p style=\"text-align: justify;\">O termo &#8216;empatia&#8217; se refere \u00e0 capacidade de nos colocarmos no lugar do outro para compreender melhor seus sentimentos e emo\u00e7\u00f5es em determinadas situa\u00e7\u00f5es. O projeto \u00e9 uma parceria da Comiss\u00e3o de Acessibilidade e Inclus\u00e3o (ACI) e o Centro de Forma\u00e7\u00e3o e Gest\u00e3o Judici\u00e1ria (Cefor).<\/p>\n<p style=\"text-align: justify;\">O evento,\u00a0transmitido pelo canal do STJ no\u00a0YouTube, contar\u00e1, tamb\u00e9m, com as presen\u00e7as da presidente da Comiss\u00e3o Multidisciplinar de Acessibilidade, ministra Nancy Andrighi, do ministro S\u00e9rgio Kukina, entre outras autoridades.<\/p>\n<p style=\"text-align: justify;\">Os idealizadores do projeto ressaltam que incorporar a pr\u00e1tica da empatia em grandes organiza\u00e7\u00f5es, como o STJ, n\u00e3o ocorre de uma hora para outra. Por esse motivo, a ideia central do projeto consiste em disseminar conte\u00fados e pr\u00e1ticas relacionadas ao referido tema de maneira planejada e cont\u00ednua pelo per\u00edodo dos dois pr\u00f3ximos anos de gest\u00e3o administrativa.<\/p>\n<p style=\"text-align: justify;\">A ACI busca\u00a0incentivar a inclus\u00e3o social e o desenvolvimento de um ambiente de trabalho mais promissor, e contribuir para o alcance dos objetivos estrat\u00e9gicos do STJ,\u00a0<em>Promover Cidadania<\/em>\u00a0e\u00a0<em>Oferecer Servi\u00e7os com Qualidade<\/em>. Na ilustra\u00e7\u00e3o que representa o\u00a0<em>Projeto Empatia<\/em>, desenvolvido pelo STJ, destaca-se o seguinte slogan: &#8216;Trabalhamos melhor conectados ao pr\u00f3ximo&#8217;.\u00a0<em>Com informa\u00e7\u00f5es da assessoria de imprensa do STJ.\u00a0<\/em><\/p>\n<p style=\"text-align: justify;\">Fonte: ConJur (https:\/\/www.conjur.com.br\/2020-set-30\/stj-lanca-projeto-promover-inclusao-pessoas-deficiencia)<\/p>\n","protected":false},"excerpt":{"rendered":"<p>O presidente do Superior Tribunal de Justi\u00e7a, ministro Humberto Martins, lan\u00e7a nesta quarta-feira (30\/9), \u00e0s 17h, o\u00a0Projeto Empatia, iniciativa para incorporar \u00e0 cultura organizacional do STJ\u00a0a perspectiva da empatia, de forma a melhorar as\u00a0rela\u00e7\u00f5es de trabalho e promover a\u00a0inclus\u00e3o de pessoas com defici\u00eancia ou com mobilidade reduzida. O termo &#8216;empatia&#8217; se refere \u00e0 capacidade de [&hellip;]<\/p>\n","protected":false},"author":1,"featured_media":0,"comment_status":"open","ping_status":"open","sticky":false,"template":"","format":"standard","meta":{"_joinchat":[],"footnotes":""},"categories":[7],"tags":[],"class_list":["post-3083","post","type-post","status-publish","format-standard","hentry","category-noticias"],"_links":{"self":[{"href":"https:\/\/www.amaralfazla.com.br\/site\/wp-json\/wp\/v2\/posts\/3083","targetHints":{"allow":["GET"]}}],"collection":[{"href":"https:\/\/www.amaralfazla.com.br\/site\/wp-json\/wp\/v2\/posts"}],"about":[{"href":"https:\/\/www.amaralfazla.com.br\/site\/wp-json\/wp\/v2\/types\/post"}],"author":[{"embeddable":true,"href":"https:\/\/www.amaralfazla.com.br\/site\/wp-json\/wp\/v2\/users\/1"}],"replies":[{"embeddable":true,"href":"https:\/\/www.amaralfazla.com.br\/site\/wp-json\/wp\/v2\/comments?post=3083"}],"version-history":[{"count":0,"href":"https:\/\/www.amaralfazla.com.br\/site\/wp-json\/wp\/v2\/posts\/3083\/revisions"}],"wp:attachment":[{"href":"https:\/\/www.amaralfazla.com.br\/site\/wp-json\/wp\/v2\/media?parent=3083"}],"wp:term":[{"taxonomy":"category","embeddable":true,"href":"https:\/\/www.amaralfazla.com.br\/site\/wp-json\/wp\/v2\/categories?post=3083"},{"taxonomy":"post_tag","embeddable":true,"href":"https:\/\/www.amaralfazla.com.br\/site\/wp-json\/wp\/v2\/tags?post=3083"}],"curies":[{"name":"wp","href":"https:\/\/api.w.org\/{rel}","templated":true}]}}