{"id":3076,"date":"2020-09-25T19:42:15","date_gmt":"2020-09-25T19:42:15","guid":{"rendered":"https:\/\/www.graphn.com.br\/amaralefazla\/doencas-que-dao-direito-a-aposentadoria-por-invalidez-ou-auxilio-doenca\/"},"modified":"2020-09-25T19:42:15","modified_gmt":"2020-09-25T19:42:15","slug":"doencas-que-dao-direito-a-aposentadoria-por-invalidez-ou-auxilio-doenca","status":"publish","type":"post","link":"https:\/\/www.amaralfazla.com.br\/site\/doencas-que-dao-direito-a-aposentadoria-por-invalidez-ou-auxilio-doenca\/","title":{"rendered":"Doen\u00e7as que d\u00e3o direito a Aposentadoria por Invalidez ou Aux\u00edlio-Doen\u00e7a"},"content":{"rendered":"<p style=\"text-align: justify;\">Existem doen\u00e7as que d\u00e3o aos trabalhadores o direito de receber a <b><a href=\"https:\/\/msamorim.com.br\/noticia\/noticias\/inss-muda-a-forma-de-calculo-do-salario-beneficio-da-aposentadoria-do-portador-de-deficiencia\" target=\"_blank\" rel=\"noopener noreferrer\">aposentadoria<\/a><\/b>\u00a0por invalidez ou aux\u00edlio-doen\u00e7a.<\/p>\n<p style=\"text-align: justify;\">Esse benef\u00edcio \u00e9 concedido para as pessoas que comprovam ter incapacidade permanente para o trabalho em decorr\u00eancia de uma patologia ou acidente que causou preju\u00edzos irrevers\u00edveis.<\/p>\n<p style=\"text-align: justify;\">Vale destacar que a lista de enfermidades est\u00e1 sendo revisada pelo governo nesse momento.<\/p>\n<p style=\"text-align: justify;\">No entanto, a listagem atual registra 14 enfermidades incapacitantes que se forem comprovadas excluem o requisito de\u00a0<b><a href=\"https:\/\/msamorim.com.br\/noticia\/noticias\/inss-quais-doencas-nao-possuem-carencia\" target=\"_blank\" rel=\"noopener noreferrer\">car\u00eancia<\/a><\/b>\u00a0de 15 ou 20 anos para o recebimento dos benef\u00edcios previdenci\u00e1rios.<\/p>\n<p style=\"text-align: justify;\">Neste post, vamos explicar o que \u00e9 a aposentadoria por invalidez e quais s\u00e3o os crit\u00e9rios analisados para que ela seja concedida.<\/p>\n<p style=\"text-align: justify;\">Aqui, voc\u00ea vai encontrar detalhes sobre as\u00a0<b>doen\u00e7as que geram aposentadoria por invalidez.<\/b><\/p>\n<p style=\"text-align: justify;\">Quer saber um pouco mais sobre os requisitos da aposentadoria por invalidez ou aux\u00edlio-doen\u00e7a? Siga em frente!<\/p>\n<p>&nbsp;<\/p>\n<p style=\"text-align: justify;\"><strong>O conceito de aposentadoria por invalidez<\/strong><\/p>\n<p style=\"text-align: justify;\">A aposentadoria por invalidez \u00e9 uma\u00a0<b>categoria dos benef\u00edcios previdenci\u00e1rios<\/b>\u00a0cujo direito \u00e9 concedido aos trabalhadores que n\u00e3o poder\u00e3o mais exercer a sua atividade profissional.<\/p>\n<p style=\"text-align: justify;\">Para que o Instituto Nacional do Seguro Social (INSS) conceda esse direito, \u00e9 necess\u00e1rio que o segurado n\u00e3o tenha chances de reabilita\u00e7\u00e3o para o desempenho de outra profiss\u00e3o.<\/p>\n<p style=\"text-align: justify;\">Sendo assim, o objetivo da\u00a0<b><a href=\"https:\/\/msamorim.com.br\/noticia\/noticias\/aposentadoria-por-tempo-de-contribuicao-1\" target=\"_blank\" rel=\"noopener noreferrer\">aposentadoria<\/a><\/b>\u00a0por invalidez \u00e9 conceder ao benefici\u00e1rio\u00a0<b>uma remunera\u00e7\u00e3o para que ele consiga sobreviver<\/b>, visto que n\u00e3o ter\u00e1 mais a possibilidade de ser reintegrado ao mercado de trabalho.<\/p>\n<p style=\"text-align: justify;\">Ou seja, o segurado est\u00e1 definitivamente incapacitado para a realiza\u00e7\u00e3o das atividades empres\u00e1rias ou ofertadas por empregadores.<\/p>\n<p style=\"text-align: justify;\">Isso pode ocorrer em virtude de uma sequela de acidente ou devido a uma enfermidade de alta gravidade que venha a acometer o trabalhador.<\/p>\n<p style=\"text-align: justify;\">Entretanto, para ter acesso aos valores da aposentadoria, ele dever\u00e1 estar com as contribui\u00e7\u00f5es em dia e passar por uma\u00a0<b><a href=\"https:\/\/msamorim.com.br\/noticia\/noticias\/segurados-sao-dispensados-da-pericia-medica-presencial\" target=\"_blank\" rel=\"noopener noreferrer\">per\u00edcia m\u00e9dica<\/a><\/b>\u00a0realizada por um perito da Previd\u00eancia Social.<\/p>\n<p style=\"text-align: justify;\">O m\u00e9dico especialista faz a avalia\u00e7\u00e3o e indica se a invalidez \u00e9 tempor\u00e1ria ou permanente.<\/p>\n<p style=\"text-align: justify;\">Se a condi\u00e7\u00e3o do segurado n\u00e3o for considerada de perman\u00eancia total, ele ser\u00e1 enquadrado para o recebimento de aux\u00edlio-doen\u00e7a.<\/p>\n<p style=\"text-align: justify;\">Por\u00e9m, se o perito concluir que a doen\u00e7a ou sequela causaram danos irrepar\u00e1veis, o INSS concede a aposentadoria e faz uma\u00a0<b>reavalia\u00e7\u00e3o de 2 em 2 anos<\/b>.<\/p>\n<p>&nbsp;<\/p>\n<p style=\"text-align: justify;\"><strong>Os crit\u00e9rios analisados para a concess\u00e3o da aposentadoria por invalidez<\/strong><\/p>\n<p style=\"text-align: justify;\">Os requisitos para ter direito de se aposentar por invalidez s\u00e3o a incapacidade definitiva para o trabalho e o cumprimento de no m\u00ednimo 12 contribui\u00e7\u00f5es.<\/p>\n<p style=\"text-align: justify;\">Em algumas situa\u00e7\u00f5es n\u00e3o ser\u00e1 exigido esse requisito de car\u00eancia, por exemplo, em caso de\u00a0<b><a href=\"https:\/\/msamorim.com.br\/noticia\/noticias\/doenca-ocupacional-descubra-quais-sao-os-seus-direitos\" target=\"_blank\" rel=\"noopener noreferrer\">doen\u00e7a ocupacional<\/a><\/b>, acidente, enfermidades incur\u00e1veis ou contagiosas.<\/p>\n<p style=\"text-align: justify;\">Tamb\u00e9m n\u00e3o ser\u00e1 exigida a car\u00eancia quando o segurado sofrer de uma das enfermidades listadas pelo Minist\u00e9rio da Sa\u00fade e do Trabalho e Previd\u00eancia Social, nos termos do Artigo 26, Inciso II da\u00a0<b><a href=\"http:\/\/www.planalto.gov.br\/ccivil_03\/leis\/l8213cons.htm\" target=\"_blank\" rel=\"noopener noreferrer\">Lei n\u00ba 8.213\/1991<\/a><\/b>.<\/p>\n<p style=\"text-align: justify;\">Nesse caso, ser\u00e1 avaliada a defici\u00eancia, a mutila\u00e7\u00e3o, a deforma\u00e7\u00e3o ou estigma que afetou o benefici\u00e1rio para a concess\u00e3o do benef\u00edcio.<\/p>\n<p style=\"text-align: justify;\">Para receber a aposentadoria por invalidez, o trabalhador dever\u00e1 preencher o requerimento e apresentar ao INSS os exames que comprovam a sua incapacidade, atestado e laudo m\u00e9dico, Carteira de Identidade (RG), Cadastro de Pessoas F\u00edsicas (CPF) Carteira de Trabalho (CTPS), carn\u00ea ou guias pagas das contribui\u00e7\u00f5es previdenci\u00e1rias.<\/p>\n<p>&nbsp;<\/p>\n<p style=\"text-align: justify;\"><strong>As doen\u00e7as que geram direito \u00e0 aposentadoria por invalidez ou aux\u00edlio-doen\u00e7a<\/strong><\/p>\n<p style=\"text-align: justify;\">V\u00e1rias doen\u00e7as d\u00e3o direito ao aux\u00edlio-doen\u00e7a ou aposentadoria por invalidez.<\/p>\n<p style=\"text-align: justify;\">Nem todas est\u00e3o no rol que ser\u00e1 indicado abaixo, pois algumas que est\u00e3o ausentes da lista poder\u00e3o at\u00e9 ser equiparadas quando for comprovada a incapacidade para a execu\u00e7\u00e3o de atividades laborais.<\/p>\n<p style=\"text-align: justify;\">Observe a listagem a seguir e entenda alguns aspectos relacionados!<\/p>\n<p>&nbsp;<\/p>\n<p style=\"text-align: justify;\"><strong>1. Radia\u00e7\u00e3o por medicina especializada<\/strong><\/p>\n<p style=\"text-align: justify;\">A radia\u00e7\u00e3o ionizante proveniente dos aparelhos de raio-X danifica as c\u00e9lulas, causa doen\u00e7as graves e danifica o material gen\u00e9tico ou DNA e pode levar \u00e0 morte.<\/p>\n<p style=\"text-align: justify;\">A medicina nuclear utiliza as radia\u00e7\u00f5es alfa, beta e gama. N\u00e3o ocorrem efeitos colaterais significativos se o tempo de exposi\u00e7\u00e3o do trabalhador for observado com cautela.<\/p>\n<p style=\"text-align: justify;\">Por\u00e9m, esse tipo de atividade causa consequ\u00eancias graves pela cumulatividade casos as partes do corpo sejam expostas \u00e0s part\u00edculas e r\u00e1dios.<\/p>\n<p style=\"text-align: justify;\">Geralmente h\u00e1 probabilidade de desenvolvimento de c\u00e2ncer pelo organismo.<\/p>\n<p style=\"text-align: justify;\">O trabalhador da \u00e1rea m\u00e9dica que n\u00e3o pode mais trabalhar em decorr\u00eancia de exposi\u00e7\u00e3o em seu ambiente de trabalho tem direito aos benef\u00edcios.<\/p>\n<p>&nbsp;<\/p>\n<p style=\"text-align: justify;\"><strong>2. HIV<\/strong><\/p>\n<p style=\"text-align: justify;\">A s\u00edndrome da imunodefici\u00eancia adquirida ou a AIDS enfraquece o sistema imunol\u00f3gico da pessoa que adquire a doen\u00e7a.<\/p>\n<p style=\"text-align: justify;\">Consequentemente, um tratamento \u00e9 determinado pelo m\u00e9dico que estabelece o uso cont\u00ednuo de rem\u00e9dios.<\/p>\n<p style=\"text-align: justify;\">Ao se apresentar na ag\u00eancia do INSS para a per\u00edcia, o portador do v\u00edrus do HIV precisa levar consigo os exames e laudos m\u00e9dicos com indica\u00e7\u00e3o de carga viral.<\/p>\n<p>&nbsp;<\/p>\n<p style=\"text-align: justify;\"><strong>3. Doen\u00e7a de Paget<\/strong><\/p>\n<p style=\"text-align: justify;\">A doen\u00e7a de Paget ou oste\u00edte deformante incapacita a medula \u00f3ssea e os ossos, sendo cr\u00f4nica e incur\u00e1vel.<\/p>\n<p style=\"text-align: justify;\">Esse dist\u00farbio do esqueleto humano gera o aceleramento da renova\u00e7\u00e3o dos tecidos \u00f3sseos em determinadas \u00e1reas.<\/p>\n<p style=\"text-align: justify;\">Ocorre que um osso aumentado e mole substitui a matriz normal, causando deformidades, dor e incapacidade para o trabalho.<\/p>\n<p>&nbsp;<\/p>\n<p style=\"text-align: justify;\"><strong>4. Nefropatias graves<\/strong><\/p>\n<p style=\"text-align: justify;\">S\u00e3o doen\u00e7as que afetam os rins e excluem as condi\u00e7\u00f5es de ter uma vida normal e de trabalhar.<\/p>\n<p style=\"text-align: justify;\">Normalmente apresentam evolu\u00e7\u00e3o aguda, subaguda ou cr\u00f4nica e causam danos acarretando a insufici\u00eancia renal.<\/p>\n<p style=\"text-align: justify;\">Essa insufici\u00eancia \u00e9 classificada por est\u00e1gios, podendo ser identificada como pr\u00e9-dial\u00edtica ou terminal.<\/p>\n<p>&nbsp;<\/p>\n<p style=\"text-align: justify;\"><strong>5. C\u00e2ncer<\/strong><\/p>\n<p style=\"text-align: justify;\">O c\u00e2ncer ou neoplasia maligna afeta as c\u00e9lulas do corpo e atinge os tecidos do paciente.<\/p>\n<p style=\"text-align: justify;\">Existe um conjunto de centenas de doen\u00e7as que causam o aumento desordenado das c\u00e9lulas invadindo \u00f3rg\u00e3os e tecidos.<\/p>\n<p style=\"text-align: justify;\">Essas c\u00e9lulas costumam ser incontrol\u00e1veis e bastante agressivas.<\/p>\n<p>&nbsp;<\/p>\n<p style=\"text-align: justify;\"><strong>6. Doen\u00e7a de Parkinson<\/strong><\/p>\n<p style=\"text-align: justify;\">Parkinson \u00e9 uma enfermidade degenerativa progressiva e cr\u00f4nica do sistema nervoso central.<\/p>\n<p style=\"text-align: justify;\">Entre os seus sintomas est\u00e3o os tremores, a defici\u00eancia do equil\u00edbrio e da coordena\u00e7\u00e3o, a inflexibilidade ou rigidez das articula\u00e7\u00f5es ou membros, a aus\u00eancia ou lentid\u00e3o de movimentos.<\/p>\n<p>&nbsp;<\/p>\n<p style=\"text-align: justify;\"><strong>7. Paralisia irrevers\u00edvel e incapacitante<\/strong><\/p>\n<p style=\"text-align: justify;\">A paralisia irrevers\u00edvel e incapacitante acontece quando h\u00e1 o preju\u00edzo da via motora, da sensibilidade e da capacidade de movimentar um m\u00fasculo causando les\u00e3o degenerativa.<\/p>\n<p style=\"text-align: justify;\">Enquadram-se nesse conceito a triplegia, paraplegia, tetraplegia, entre outros.<\/p>\n<p>&nbsp;<\/p>\n<p style=\"text-align: justify;\"><strong>8. Cegueira<\/strong><\/p>\n<p style=\"text-align: justify;\">A cegueira \u00e9 a perda parcial ou total da vis\u00e3o que pode acontecer em decorr\u00eancia de patologias, traumas oculares ou por caracter\u00edsticas gen\u00e9ticas impedindo o indiv\u00edduo de ser inserido no mercado de trabalho.<\/p>\n<p style=\"text-align: justify;\">Pode ser resultado de retinopatia hipertensiva ou diab\u00e9tica e de glaucoma, por exemplo.<\/p>\n<p>&nbsp;<\/p>\n<p style=\"text-align: justify;\"><strong>9. Cardiopatia grave<\/strong><\/p>\n<p style=\"text-align: justify;\">A cardiopatia grave \u00e9 uma doen\u00e7a cr\u00f4nica que atinge o cora\u00e7\u00e3o impedindo o trabalhador de realizar esfor\u00e7o f\u00edsico.<\/p>\n<p style=\"text-align: justify;\">H\u00e1 a cardiopatia cong\u00eanita que se caracteriza por defeito na forma\u00e7\u00e3o do \u00f3rg\u00e3o ou insufici\u00eancia coronariana, arritmias complexas, hipertens\u00e3o arterial etc.<\/p>\n<p>&nbsp;<\/p>\n<p style=\"text-align: justify;\"><strong>10. Hansen\u00edase<\/strong><\/p>\n<p style=\"text-align: justify;\">A hansen\u00edase \u00e9 uma infec\u00e7\u00e3o cr\u00f4nica que afeta a pele e os nervos fazendo com que o paciente perca a sensibilidade com o surgimento de manchas brancas pelo corpo.<\/p>\n<p style=\"text-align: justify;\">\u00c9 decorrente da bact\u00e9ria Mycobacterium leprae e \u00e9 identificada por meio de exame dermatoneurol\u00f3gico.<\/p>\n<p>&nbsp;<\/p>\n<p style=\"text-align: justify;\">Portanto, essas s\u00e3o apenas algumas das\u00a0<b>doen\u00e7as que geram aposentadoria por invalidez!<\/b><\/p>\n<p style=\"text-align: justify;\">Saiba que n\u00e3o basta ter a doen\u00e7a, \u00e9 indispens\u00e1vel estar atento ao cumprimento dos processos exigidos, al\u00e9m de atender aos requisitos legais.<\/p>\n<p style=\"text-align: justify;\">Por este motivo, contar com ajuda especializada \u00e9 o mais indicado para ter \u00eaxito nos encaminhamentos dos seus requerimentos!<\/p>\n","protected":false},"excerpt":{"rendered":"<p>Existem doen\u00e7as que d\u00e3o aos trabalhadores o direito de receber a aposentadoria\u00a0por invalidez ou aux\u00edlio-doen\u00e7a. Esse benef\u00edcio \u00e9 concedido para as pessoas que comprovam ter incapacidade permanente para o trabalho em decorr\u00eancia de uma patologia ou acidente que causou preju\u00edzos irrevers\u00edveis. Vale destacar que a lista de enfermidades est\u00e1 sendo revisada pelo governo nesse momento. [&hellip;]<\/p>\n","protected":false},"author":1,"featured_media":0,"comment_status":"open","ping_status":"open","sticky":false,"template":"","format":"standard","meta":{"_joinchat":[],"footnotes":""},"categories":[5],"tags":[],"class_list":["post-3076","post","type-post","status-publish","format-standard","hentry","category-artigos"],"_links":{"self":[{"href":"https:\/\/www.amaralfazla.com.br\/site\/wp-json\/wp\/v2\/posts\/3076","targetHints":{"allow":["GET"]}}],"collection":[{"href":"https:\/\/www.amaralfazla.com.br\/site\/wp-json\/wp\/v2\/posts"}],"about":[{"href":"https:\/\/www.amaralfazla.com.br\/site\/wp-json\/wp\/v2\/types\/post"}],"author":[{"embeddable":true,"href":"https:\/\/www.amaralfazla.com.br\/site\/wp-json\/wp\/v2\/users\/1"}],"replies":[{"embeddable":true,"href":"https:\/\/www.amaralfazla.com.br\/site\/wp-json\/wp\/v2\/comments?post=3076"}],"version-history":[{"count":0,"href":"https:\/\/www.amaralfazla.com.br\/site\/wp-json\/wp\/v2\/posts\/3076\/revisions"}],"wp:attachment":[{"href":"https:\/\/www.amaralfazla.com.br\/site\/wp-json\/wp\/v2\/media?parent=3076"}],"wp:term":[{"taxonomy":"category","embeddable":true,"href":"https:\/\/www.amaralfazla.com.br\/site\/wp-json\/wp\/v2\/categories?post=3076"},{"taxonomy":"post_tag","embeddable":true,"href":"https:\/\/www.amaralfazla.com.br\/site\/wp-json\/wp\/v2\/tags?post=3076"}],"curies":[{"name":"wp","href":"https:\/\/api.w.org\/{rel}","templated":true}]}}