{"id":3075,"date":"2020-09-23T18:22:15","date_gmt":"2020-09-23T18:22:15","guid":{"rendered":"https:\/\/www.graphn.com.br\/amaralefazla\/com-desconto-e-compensacao-correios-devem-retomar-atividades-nesta-terca\/"},"modified":"2020-09-23T18:22:15","modified_gmt":"2020-09-23T18:22:15","slug":"com-desconto-e-compensacao-correios-devem-retomar-atividades-nesta-terca","status":"publish","type":"post","link":"https:\/\/www.amaralfazla.com.br\/site\/com-desconto-e-compensacao-correios-devem-retomar-atividades-nesta-terca\/","title":{"rendered":"Com desconto e compensa\u00e7\u00e3o, Correios devem retomar atividades nesta ter\u00e7a"},"content":{"rendered":"<p style=\"text-align: justify;\">Depois de um m\u00eas paralisados, os Correios devem retomar suas atividades a partir desta ter\u00e7a-feira (22\/9), decidiu o Tribunal Superior do Trabalho em julgamento nesta segunda-feira (21). Em caso de descumprimento, \u00e9 prevista multa di\u00e1ria de R$ 100 mil. A corre\u00e7\u00e3o do sal\u00e1rio da categoria ser\u00e1 em 2,60%.<\/p>\n<p style=\"font-weight: 400; text-align: justify;\">Os ministros da Se\u00e7\u00e3o Especializada em Diss\u00eddios Coletivos (SDC) aplicaram a jurisprud\u00eancia da corte para definir que os trabalhadores tenham metade do sal\u00e1rio descontado e outra metade, compensada pelos dias parados. A decis\u00e3o foi por maioria, ficando vencidos a relatora, a ministra K\u00e1tia Arruda, e os ministros Maur\u00edcio Godinho e Luiz Philippe Vieira de Mello Filho.<\/p>\n<p style=\"font-weight: 400; text-align: justify;\">Godinho pontuou que, como o desconto trata de verba salarial, ficaria muito pesado aos trabalhadores. Por isso, sugeriu que o desconto fosse dividido em tr\u00eas parcelas mensais.<\/p>\n<p style=\"font-weight: 400; text-align: justify;\">O julgamento foi designado pela relatora depois de duas tentativas de solu\u00e7\u00e3o consensual para o conflito. Em agosto, o vice-presidente do TST, ministro Vieira de Mello Filho, se reuniu com a empresa e as entidades sindicais representantes dos empregados e prop\u00f4s a renova\u00e7\u00e3o das 79 cl\u00e1usulas vigentes, sem reajustes nas cl\u00e1usulas econ\u00f4micas, o que foi rejeitado pela empresa.<\/p>\n<p style=\"font-weight: 400; text-align: justify;\">Nesta segunda, a maioria dos ministros concordou com a diverg\u00eancia apresentada pelo ministro Ives Gandra da Silva Martins Filho. Ele sugeriu manter 20 cl\u00e1usulas sociais no acordo coletivo, que asseguram direitos sociais aos trabalhadores\u00a0e n\u00e3o geram despesas para a empresa.<\/p>\n<p style=\"font-weight: 400; text-align: justify;\">Al\u00e9m delas, foram acolhidas nove cl\u00e1usulas propostas pela empresa, com uma pequena reda\u00e7\u00e3o da que trata do plano de sa\u00fade.\u00a0<strong>Cl\u00e1usula 1. Plano de sa\u00fade<\/strong>: &#8220;A empresa poder\u00e1 disponibilizar Benef\u00edcio de Assist\u00eancia \u00e0 Sa\u00fade por meio de operadora contratada, de ades\u00e3o facultativa e mediante cobran\u00e7a de mensalidade e coparticipa\u00e7\u00e3o dos benefici\u00e1rios&#8221;.<\/p>\n<p style=\"font-weight: 400; text-align: justify;\">Com a mudan\u00e7a, onde se l\u00ea &#8220;poder\u00e1&#8221;, vai ser &#8220;dever\u00e1&#8221;\u00a0disponibilizar. A medida, segundo os ministros, visa garantir de fato a concess\u00e3o do direito.<\/p>\n<p style=\"font-weight: 400; text-align: justify;\">Ficaram vencidas a relatora e os ministros Maur\u00edcio Godinho e Luiz Philippe Vieira de Mello Filho.<\/p>\n<p style=\"font-weight: 400; text-align: justify;\"><strong>Abusividade da greve<\/strong><br \/>\nPor 5 votos a 2, tamb\u00e9m foi\u00a0<a href=\"https:\/\/www.conjur.com.br\/2020-set-21\/maioria-tst-entende-greve-correios-nao-abusiva\">afastada a abusividade da greve<\/a>. Os ministros concordam com a relatora de que os trabalhadores foram provocados pela empresa a fazer greve, ante a retirada de praticamente &#8220;todos os direitos que constru\u00edram ao longo da hist\u00f3ria&#8221;.<\/p>\n<p style=\"font-weight: 400; text-align: justify;\">Em seu voto, ela chamou a aten\u00e7\u00e3o para a import\u00e2ncia hist\u00f3rica do julgamento. Segundo ela, \u00e9 a primeira vez que TST julga o caso de uma empresa que praticamente retirou todas as cl\u00e1usulas de garantia dos trabalhadores.<\/p>\n<p style=\"font-weight: 400; text-align: justify;\">De acordo com a ministra, houve &#8220;patente conduta negacionista&#8221;\u00a0dos Correios para tentar negociar o conflito, de forma que a greve foi a \u00fanica solu\u00e7\u00e3o encontrada pelos trabalhadores. Ela tamb\u00e9m apontou que n\u00e3o h\u00e1 qualquer demonstra\u00e7\u00e3o de preju\u00edzo para o ano seguinte &#8220;fora mera alega\u00e7\u00e3o da empresa&#8221;. At\u00e9 agora, disse a ministra, &#8220;o que temos visto \u00e9 apenas lucro&#8221;.<\/p>\n<p style=\"font-weight: 400; text-align: justify;\">Ficaram vencidos apenas os ministros Ives Gandra da Silva Martins Filho e Dora Maria da Costa.<\/p>\n<p style=\"font-weight: 400; text-align: justify;\">No in\u00edcio deste m\u00eas, a relatora proibiu a empresa de fazer cortes nos sal\u00e1rios dos empregados. Na\u00a0<a href=\"https:\/\/www.conjur.com.br\/2020-set-03\/ministra-tst-proibe-correios-descontar-salarios-durante-greve\">liminar<\/a>, ela entendeu que a atividade dos Correios, por\u00a0ser servi\u00e7o essencial, deveria ser mantida em 70% durante a greve. Hoje, a relatora destacou que \u00e0 \u00e9poca da liminar, os Correios j\u00e1 haviam efetuado desconto de imediato dos trabalhadores, conduta proibida por lei.<\/p>\n<p style=\"font-weight: 400; text-align: justify;\">N\u00e3o participou do julgamento a presidente do tribunal, ministra Cristina Peduzzi, que foi\u00a0<a href=\"https:\/\/www.conjur.com.br\/2020-set-16\/presidente-tst-cristina-peduzzi-diagnosticada-covid-19\">diagnosticada com Covid-19<\/a>\u00a0na \u00faltima semana, e o ministro\u00a0Guilherme Caputo, por impedimento.<\/p>\n<p style=\"font-weight: 400; text-align: justify;\">Para a advogada\u00a0<strong>Adriene Hassen<\/strong>, do escrit\u00f3rio Cezar Britto &amp; Advogados Associados e\u00a0que atuou pela Associa\u00e7\u00e3o dos Profissionais dos Correios, a\u00a0conduta antinegocial demonstrada pela empresa ao longo dos \u00faltimos tr\u00eas anos &#8220;venceu e convenceu a maioria do TST&#8221;.<\/p>\n<p style=\"font-weight: 400; text-align: justify;\">&#8220;Os empregados dos Correios, que operam na linha de frente nessa pandemia, al\u00e9m de sofrerem com o aumento do seu plano de sa\u00fade, ter\u00e3o cerca de 30% de sua remunera\u00e7\u00e3o diminu\u00edda! Lembrando que a categoria possui dos menores sal\u00e1rios dentre as estatais, uma m\u00e9dia de R$1,8 mil. Triste decis\u00e3o. Ao longo de d\u00e9cadas de negocia\u00e7\u00e3o coletiva os trabalhadores trocaram reajuste salarial por concess\u00e3o de benef\u00edcios que ora foram retirados, se vendo, ent\u00e3o, agora, sem um ou outro!&#8221;, diz a advogada.<\/p>\n<p style=\"text-align: justify;\">Fonte: ConJur (https:\/\/www.conjur.com.br\/2020-set-21\/desconto-compensacao-correios-retomar-atividades)<\/p>\n","protected":false},"excerpt":{"rendered":"<p>Depois de um m\u00eas paralisados, os Correios devem retomar suas atividades a partir desta ter\u00e7a-feira (22\/9), decidiu o Tribunal Superior do Trabalho em julgamento nesta segunda-feira (21). Em caso de descumprimento, \u00e9 prevista multa di\u00e1ria de R$ 100 mil. A corre\u00e7\u00e3o do sal\u00e1rio da categoria ser\u00e1 em 2,60%. Os ministros da Se\u00e7\u00e3o Especializada em Diss\u00eddios [&hellip;]<\/p>\n","protected":false},"author":1,"featured_media":0,"comment_status":"open","ping_status":"open","sticky":false,"template":"","format":"standard","meta":{"_joinchat":[],"footnotes":""},"categories":[7],"tags":[],"class_list":["post-3075","post","type-post","status-publish","format-standard","hentry","category-noticias"],"_links":{"self":[{"href":"https:\/\/www.amaralfazla.com.br\/site\/wp-json\/wp\/v2\/posts\/3075","targetHints":{"allow":["GET"]}}],"collection":[{"href":"https:\/\/www.amaralfazla.com.br\/site\/wp-json\/wp\/v2\/posts"}],"about":[{"href":"https:\/\/www.amaralfazla.com.br\/site\/wp-json\/wp\/v2\/types\/post"}],"author":[{"embeddable":true,"href":"https:\/\/www.amaralfazla.com.br\/site\/wp-json\/wp\/v2\/users\/1"}],"replies":[{"embeddable":true,"href":"https:\/\/www.amaralfazla.com.br\/site\/wp-json\/wp\/v2\/comments?post=3075"}],"version-history":[{"count":0,"href":"https:\/\/www.amaralfazla.com.br\/site\/wp-json\/wp\/v2\/posts\/3075\/revisions"}],"wp:attachment":[{"href":"https:\/\/www.amaralfazla.com.br\/site\/wp-json\/wp\/v2\/media?parent=3075"}],"wp:term":[{"taxonomy":"category","embeddable":true,"href":"https:\/\/www.amaralfazla.com.br\/site\/wp-json\/wp\/v2\/categories?post=3075"},{"taxonomy":"post_tag","embeddable":true,"href":"https:\/\/www.amaralfazla.com.br\/site\/wp-json\/wp\/v2\/tags?post=3075"}],"curies":[{"name":"wp","href":"https:\/\/api.w.org\/{rel}","templated":true}]}}